{"id":1945,"date":"2017-01-05T09:52:31","date_gmt":"2017-01-05T08:52:31","guid":{"rendered":"http:\/\/mendillorri-mendigoiti.educacion.navarra.es\/web\/?p=1945\/"},"modified":"2017-01-05T13:46:47","modified_gmt":"2017-01-05T12:46:47","slug":"jornada-continua-resumen-del-proyecto","status":"publish","type":"post","link":"https:\/\/mendillorri-mendigoiti.educacion.navarra.es\/web\/es\/jornada-continua-resumen-del-proyecto\/","title":{"rendered":"JORNADA CONTINUA: RESUMEN DEL PROYECTO"},"content":{"rendered":"<p><a href=\"https:\/\/drive.google.com\/file\/d\/0B5Bsg-6QVqGdMlJCYUhFSndtRUU\/view?usp=sharing\" target=\"_blank\"><img data-attachment-id=\"1938\" data-permalink=\"https:\/\/mendillorri-mendigoiti.educacion.navarra.es\/web\/es\/jornada-continua-resumen-del-proyecto\/logotipo-jornada-continua-2\/\" data-orig-file=\"https:\/\/i0.wp.com\/mendillorri-mendigoiti.educacion.navarra.es\/web\/wp-content\/uploads\/2017\/01\/logotipo-jornada-continua-e1484940321227.png?fit=410%2C410&amp;ssl=1\" data-orig-size=\"410,410\" data-comments-opened=\"1\" data-image-meta=\"{&quot;aperture&quot;:&quot;0&quot;,&quot;credit&quot;:&quot;&quot;,&quot;camera&quot;:&quot;&quot;,&quot;caption&quot;:&quot;&quot;,&quot;created_timestamp&quot;:&quot;0&quot;,&quot;copyright&quot;:&quot;&quot;,&quot;focal_length&quot;:&quot;0&quot;,&quot;iso&quot;:&quot;0&quot;,&quot;shutter_speed&quot;:&quot;0&quot;,&quot;title&quot;:&quot;&quot;,&quot;orientation&quot;:&quot;0&quot;}\" data-image-title=\"logotipo-jornada-continua\" data-image-description=\"\" data-image-caption=\"\" data-medium-file=\"https:\/\/i0.wp.com\/mendillorri-mendigoiti.educacion.navarra.es\/web\/wp-content\/uploads\/2017\/01\/logotipo-jornada-continua-e1484940321227.png?fit=400%2C400&amp;ssl=1\" data-large-file=\"https:\/\/i0.wp.com\/mendillorri-mendigoiti.educacion.navarra.es\/web\/wp-content\/uploads\/2017\/01\/logotipo-jornada-continua-e1484940321227.png?fit=890%2C890&amp;ssl=1\" loading=\"lazy\" class=\"alignleft wp-image-1938\" style=\"border: none;\" src=\"https:\/\/i0.wp.com\/mendillorri-mendigoiti.educacion.navarra.es\/web\/wp-content\/uploads\/2017\/01\/logotipo-jornada-continua-400x400.png?resize=278%2C271\" width=\"278\" height=\"271\" data-recalc-dims=\"1\" \/><\/a><\/p>\n<p>&nbsp;<\/p>\n<p>En Mendigoiti hemos abierto el proceso para el cambio de jornada escolar.<\/p>\n<p>Vamos a presentar \u00a0a toda la comunidad educativa la posibilidad de implantar la jornada escolar continua, proponiendo un nuevo modo de organizar el tiempo escolar.<\/p>\n<p>El proyecto de jornada continua habr\u00e1 de ser \u00a0aprobado en votaci\u00f3n y para ello se requiere al menos 3\/5 del censo total .<\/p>\n<p>Todo \u00e9sto ser\u00e1 en enero, antes de las nuevas matriculaciones, cuando las familias decidan.<\/p>\n<p>Os dejamos aqu\u00ed un resumen del proyecto con lo m\u00e1s destacado.<\/p>\n<p>&nbsp;<\/p>\n<p><!--more--><\/p>\n<p>&nbsp;<\/p>\n<p><a style=\"border: none;\" href=\"https:\/\/i0.wp.com\/mendillorri-mendigoiti.educacion.navarra.es\/web\/wp-content\/uploads\/2017\/01\/0001.jpg\" target=\"_blank\"><img data-attachment-id=\"1989\" data-permalink=\"https:\/\/mendillorri-mendigoiti.educacion.navarra.es\/web\/es\/jornada-continua-resumen-del-proyecto\/attachment\/0001\/\" data-orig-file=\"https:\/\/i0.wp.com\/mendillorri-mendigoiti.educacion.navarra.es\/web\/wp-content\/uploads\/2017\/01\/0001.jpg?fit=3508%2C2481&amp;ssl=1\" data-orig-size=\"3508,2481\" data-comments-opened=\"1\" data-image-meta=\"{&quot;aperture&quot;:&quot;0&quot;,&quot;credit&quot;:&quot;&quot;,&quot;camera&quot;:&quot;&quot;,&quot;caption&quot;:&quot;&quot;,&quot;created_timestamp&quot;:&quot;0&quot;,&quot;copyright&quot;:&quot;&quot;,&quot;focal_length&quot;:&quot;0&quot;,&quot;iso&quot;:&quot;0&quot;,&quot;shutter_speed&quot;:&quot;0&quot;,&quot;title&quot;:&quot;&quot;,&quot;orientation&quot;:&quot;0&quot;}\" data-image-title=\"0001\" data-image-description=\"\" data-image-caption=\"\" data-medium-file=\"https:\/\/i0.wp.com\/mendillorri-mendigoiti.educacion.navarra.es\/web\/wp-content\/uploads\/2017\/01\/0001.jpg?fit=566%2C400&amp;ssl=1\" data-large-file=\"https:\/\/i0.wp.com\/mendillorri-mendigoiti.educacion.navarra.es\/web\/wp-content\/uploads\/2017\/01\/0001.jpg?fit=890%2C629&amp;ssl=1\" loading=\"lazy\" class=\"wp-image-1989 size-medium aligncenter\" style=\"border: none;\" src=\"https:\/\/i0.wp.com\/mendillorri-mendigoiti.educacion.navarra.es\/web\/wp-content\/uploads\/2017\/01\/0001-566x400.jpg?resize=566%2C400\" width=\"566\" height=\"400\" srcset=\"https:\/\/i0.wp.com\/mendillorri-mendigoiti.educacion.navarra.es\/web\/wp-content\/uploads\/2017\/01\/0001.jpg?resize=566%2C400&amp;ssl=1 566w, https:\/\/i0.wp.com\/mendillorri-mendigoiti.educacion.navarra.es\/web\/wp-content\/uploads\/2017\/01\/0001.jpg?resize=768%2C543&amp;ssl=1 768w, https:\/\/i0.wp.com\/mendillorri-mendigoiti.educacion.navarra.es\/web\/wp-content\/uploads\/2017\/01\/0001.jpg?resize=1024%2C724&amp;ssl=1 1024w, https:\/\/i0.wp.com\/mendillorri-mendigoiti.educacion.navarra.es\/web\/wp-content\/uploads\/2017\/01\/0001.jpg?w=1780&amp;ssl=1 1780w, https:\/\/i0.wp.com\/mendillorri-mendigoiti.educacion.navarra.es\/web\/wp-content\/uploads\/2017\/01\/0001.jpg?w=2670&amp;ssl=1 2670w\" sizes=\"(max-width: 566px) 100vw, 566px\" data-recalc-dims=\"1\" \/><\/a><a style=\"border: none;\" href=\"https:\/\/i0.wp.com\/mendillorri-mendigoiti.educacion.navarra.es\/web\/wp-content\/uploads\/2017\/01\/Sintesis-JornadaContinua-Mendigoiti-2.jpg\" target=\"_blank\"><img data-attachment-id=\"1968\" data-permalink=\"https:\/\/mendillorri-mendigoiti.educacion.navarra.es\/web\/es\/jornada-continua-resumen-del-proyecto\/sintesis-jornadacontinua-mendigoiti-2\/\" data-orig-file=\"https:\/\/i0.wp.com\/mendillorri-mendigoiti.educacion.navarra.es\/web\/wp-content\/uploads\/2017\/01\/Sintesis-JornadaContinua-Mendigoiti-2.jpg?fit=2000%2C1416&amp;ssl=1\" data-orig-size=\"2000,1416\" data-comments-opened=\"1\" data-image-meta=\"{&quot;aperture&quot;:&quot;0&quot;,&quot;credit&quot;:&quot;&quot;,&quot;camera&quot;:&quot;&quot;,&quot;caption&quot;:&quot;&quot;,&quot;created_timestamp&quot;:&quot;0&quot;,&quot;copyright&quot;:&quot;&quot;,&quot;focal_length&quot;:&quot;0&quot;,&quot;iso&quot;:&quot;0&quot;,&quot;shutter_speed&quot;:&quot;0&quot;,&quot;title&quot;:&quot;&quot;,&quot;orientation&quot;:&quot;0&quot;}\" data-image-title=\"Sintesis-JornadaContinua-Mendigoiti-2\" data-image-description=\"\" data-image-caption=\"\" data-medium-file=\"https:\/\/i0.wp.com\/mendillorri-mendigoiti.educacion.navarra.es\/web\/wp-content\/uploads\/2017\/01\/Sintesis-JornadaContinua-Mendigoiti-2.jpg?fit=565%2C400&amp;ssl=1\" data-large-file=\"https:\/\/i0.wp.com\/mendillorri-mendigoiti.educacion.navarra.es\/web\/wp-content\/uploads\/2017\/01\/Sintesis-JornadaContinua-Mendigoiti-2.jpg?fit=890%2C630&amp;ssl=1\" loading=\"lazy\" class=\"alignnone size-medium wp-image-1968 aligncenter\" style=\"border: none;\" src=\"https:\/\/i0.wp.com\/mendillorri-mendigoiti.educacion.navarra.es\/web\/wp-content\/uploads\/2017\/01\/Sintesis-JornadaContinua-Mendigoiti-2-565x400.jpg?resize=565%2C400\" alt=\"\" width=\"565\" height=\"400\" srcset=\"https:\/\/i0.wp.com\/mendillorri-mendigoiti.educacion.navarra.es\/web\/wp-content\/uploads\/2017\/01\/Sintesis-JornadaContinua-Mendigoiti-2.jpg?resize=565%2C400&amp;ssl=1 565w, https:\/\/i0.wp.com\/mendillorri-mendigoiti.educacion.navarra.es\/web\/wp-content\/uploads\/2017\/01\/Sintesis-JornadaContinua-Mendigoiti-2.jpg?resize=768%2C544&amp;ssl=1 768w, https:\/\/i0.wp.com\/mendillorri-mendigoiti.educacion.navarra.es\/web\/wp-content\/uploads\/2017\/01\/Sintesis-JornadaContinua-Mendigoiti-2.jpg?resize=1024%2C725&amp;ssl=1 1024w, https:\/\/i0.wp.com\/mendillorri-mendigoiti.educacion.navarra.es\/web\/wp-content\/uploads\/2017\/01\/Sintesis-JornadaContinua-Mendigoiti-2.jpg?w=2000&amp;ssl=1 2000w, https:\/\/i0.wp.com\/mendillorri-mendigoiti.educacion.navarra.es\/web\/wp-content\/uploads\/2017\/01\/Sintesis-JornadaContinua-Mendigoiti-2.jpg?w=1780&amp;ssl=1 1780w\" sizes=\"(max-width: 565px) 100vw, 565px\" data-recalc-dims=\"1\" \/><\/a><\/p>\n<p>&nbsp;<\/p>\n<p>&nbsp;<\/p>\n<p>&nbsp;<\/p>\n","protected":false},"excerpt":{"rendered":"<p>&nbsp; En Mendigoiti hemos abierto el proceso para el cambio de jornada escolar. Vamos a presentar \u00a0a toda la comunidad educativa la posibilidad de implantar la jornada escolar continua, proponiendo un nuevo modo de organizar el tiempo escolar. El proyecto de jornada continua habr\u00e1 de ser \u00a0aprobado en votaci\u00f3n y para ello se requiere al &hellip; <\/p>\n<p><a class=\"more-link btn\" href=\"https:\/\/mendillorri-mendigoiti.educacion.navarra.es\/web\/es\/jornada-continua-resumen-del-proyecto\/\">Continue reading<\/a><\/p>\n","protected":false},"author":1,"featured_media":0,"comment_status":"open","ping_status":"open","sticky":false,"template":"","format":"standard","meta":{"jetpack_post_was_ever_published":false,"jetpack_publicize_message":"","jetpack_is_tweetstorm":false,"jetpack_publicize_feature_enabled":true},"categories":[20],"tags":[],"jetpack_publicize_connections":[],"jetpack_featured_media_url":"","jetpack_sharing_enabled":true,"jetpack_shortlink":"https:\/\/wp.me\/p87afU-vn","jetpack-related-posts":[{"id":1933,"url":"https:\/\/mendillorri-mendigoiti.educacion.navarra.es\/web\/es\/posible-implantacion-de-la-jornada-escolar-continua\/","url_meta":{"origin":1945,"position":0},"title":"POSIBLE IMPLANTACI\u00d3N DE LA JORNADA ESCOLAR CONTINUA","date":"21 de diciembre de 2016","format":false,"excerpt":"\u00a0 El Colegio P\u00fablico Mendigoiti presenta \u00a0a las familias el Proyecto de posible implantaci\u00f3n de la jornada escolar continua. Queremos animaros a participar en la reuni\u00f3n informativa para dar a conocer el proyecto que tendr\u00e1 lugar en la Sala de Usos M\u00faltiples del colegio, el pr\u00f3ximo 10 de enero, a\u2026","rel":"","context":"En \u00abBerriak\u00bb","img":{"alt_text":"","src":"https:\/\/i0.wp.com\/mendillorri-mendigoiti.educacion.navarra.es\/web\/wp-content\/uploads\/2016\/12\/Portada-03.jpg?resize=350%2C200","width":350,"height":200},"classes":[]},{"id":2027,"url":"https:\/\/mendillorri-mendigoiti.educacion.navarra.es\/web\/es\/mendigoiti-vota-a-favor-de-la-jornada-continua\/","url_meta":{"origin":1945,"position":1},"title":"MENDIGOITI VOTA A FAVOR DE LA JORNADA CONTINUA.","date":"20 de enero de 2017","format":false,"excerpt":"\u00a0 Las familias de Mendigoiti \u00a0aprueban el Proyecto de Jornada Continua con un 63,85% de votos favorables del total del censo.","rel":"","context":"En \u00abGeneral\u00bb","img":{"alt_text":"","src":"https:\/\/i0.wp.com\/mendillorri-mendigoiti.educacion.navarra.es\/web\/wp-content\/uploads\/2017\/01\/ESKOLALDI-ETENGABEA.jpg?resize=350%2C200","width":350,"height":200},"classes":[]},{"id":3310,"url":"https:\/\/mendillorri-mendigoiti.educacion.navarra.es\/web\/es\/encuentros-pedagogicos-con-las-familias\/","url_meta":{"origin":1945,"position":2},"title":"ENCUENTROS PEDAG\u00d3GICOS CON LAS FAMILIAS","date":"17 de enero de 2019","format":false,"excerpt":"\u00a0Os presentamos los\u00a0\u00a0Encuentros Pedag\u00f3gicos para las familias de Mendigoiti que hemos organizado. Estos encuentros tendr\u00e1n lugar los jueves, de 16:45 a 18:00, desde el 24 de enero hasta el 21 de febrero.\u00a0 Adem\u00e1s, el 7 d e febrero y tras la charla, tendr\u00e1 lugar una jornada de puertas abiertas para\u2026","rel":"","context":"En \u00abGeneral\u00bb","img":{"alt_text":"","src":"https:\/\/i0.wp.com\/mendillorri-mendigoiti.educacion.navarra.es\/web\/wp-content\/uploads\/2019\/01\/50913127_1045500568991459_8041717656304222208_n.jpg?resize=350%2C200","width":350,"height":200},"classes":[]},{"id":149,"url":"https:\/\/mendillorri-mendigoiti.educacion.navarra.es\/web\/es\/prematriculacion-2014-2015\/","url_meta":{"origin":1945,"position":3},"title":"PREMATRICULACI\u00d3N 2014-2015","date":"21 de enero de 2014","format":false,"excerpt":"PREMATRICULACION 2014-2015 Mas informacion en 948-160250","rel":"","context":"Con 1 comentario","img":{"alt_text":"","src":"https:\/\/i0.wp.com\/mendillorri-mendigoiti.educacion.navarra.es\/web\/wp-content\/uploads\/2014\/01\/matriculacio\u0301n-2014.jpg?fit=960%2C447&ssl=1&resize=350%2C200","width":350,"height":200},"classes":[]},{"id":5964,"url":"https:\/\/mendillorri-mendigoiti.educacion.navarra.es\/web\/es\/neurohezkuntzaren-laguntzarekin-asesorados-por-la-neuroeducacion\/","url_meta":{"origin":1945,"position":4},"title":"Neurohezkuntzaren laguntzarekin\/ Asesoradas por la neuroeducaci\u00f3n.","date":"7 de abril de 2023","format":false,"excerpt":"ROC\u00cdO NIEBLAMadrid -\u00a006\u00a0ABR\u00a02023 - 05:25\u00a0CEST La escuela Mendigoiti, El CEIP Attilio Bruschetti de X\u00e1tiva y el CEIP Rosa dels Vents de Mallorca, est\u00e1n desarrollando un proyecto aprobado por el Ministerio de Educaci\u00f3n y Formaci\u00f3n Profesional titulado 'DUALIZA-TE: dise\u00f1o de entornos educativos y situaciones de aprendizaje en clave DUA'. Adem\u00e1s, colaboran\u2026","rel":"","context":"En \u00abGeneral\u00bb","img":{"alt_text":"","src":"https:\/\/i0.wp.com\/mendillorri-mendigoiti.educacion.navarra.es\/web\/wp-content\/uploads\/2023\/04\/Post-de-Instagram-amor-pareja-te-quiero-beige-collage.png?resize=350%2C200&ssl=1","width":350,"height":200},"classes":[]},{"id":1346,"url":"https:\/\/mendillorri-mendigoiti.educacion.navarra.es\/web\/es\/dia-internacional-del-libro-en-mendigoiti\/","url_meta":{"origin":1945,"position":5},"title":"D\u00cdA INTERNACIONAL DEL LIBRO EN MENDIGOITI","date":"22 de abril de 2016","format":false,"excerpt":"Mendigoiti ikastetxea quiere transmitir a nuestro entorno el compromiso que tenemos con el conocimiento y la cultura y por ello hemos organizado \u00a0una \u00a0serie de actividades al hilo de las Celebraciones del D\u00eda Internacional del Libro 2016. \u00a0","rel":"","context":"En \u00abGeneral\u00bb","img":{"alt_text":"","src":"","width":0,"height":0},"classes":[]}],"_links":{"self":[{"href":"https:\/\/mendillorri-mendigoiti.educacion.navarra.es\/web\/es\/wp-json\/wp\/v2\/posts\/1945"}],"collection":[{"href":"https:\/\/mendillorri-mendigoiti.educacion.navarra.es\/web\/es\/wp-json\/wp\/v2\/posts"}],"about":[{"href":"https:\/\/mendillorri-mendigoiti.educacion.navarra.es\/web\/es\/wp-json\/wp\/v2\/types\/post"}],"author":[{"embeddable":true,"href":"https:\/\/mendillorri-mendigoiti.educacion.navarra.es\/web\/es\/wp-json\/wp\/v2\/users\/1"}],"replies":[{"embeddable":true,"href":"https:\/\/mendillorri-mendigoiti.educacion.navarra.es\/web\/es\/wp-json\/wp\/v2\/comments?post=1945"}],"version-history":[{"count":17,"href":"https:\/\/mendillorri-mendigoiti.educacion.navarra.es\/web\/es\/wp-json\/wp\/v2\/posts\/1945\/revisions"}],"predecessor-version":[{"id":1996,"href":"https:\/\/mendillorri-mendigoiti.educacion.navarra.es\/web\/es\/wp-json\/wp\/v2\/posts\/1945\/revisions\/1996"}],"wp:attachment":[{"href":"https:\/\/mendillorri-mendigoiti.educacion.navarra.es\/web\/es\/wp-json\/wp\/v2\/media?parent=1945"}],"wp:term":[{"taxonomy":"category","embeddable":true,"href":"https:\/\/mendillorri-mendigoiti.educacion.navarra.es\/web\/es\/wp-json\/wp\/v2\/categories?post=1945"},{"taxonomy":"post_tag","embeddable":true,"href":"https:\/\/mendillorri-mendigoiti.educacion.navarra.es\/web\/es\/wp-json\/wp\/v2\/tags?post=1945"}],"curies":[{"name":"wp","href":"https:\/\/api.w.org\/{rel}","templated":true}]}}