{"id":1346,"date":"2016-04-22T10:37:32","date_gmt":"2016-04-22T08:37:32","guid":{"rendered":"http:\/\/mendillorri-mendigoiti.educacion.navarra.es\/web\/es\/?p=1346"},"modified":"2016-04-25T13:05:23","modified_gmt":"2016-04-25T11:05:23","slug":"dia-internacional-del-libro-en-mendigoiti","status":"publish","type":"post","link":"https:\/\/mendillorri-mendigoiti.educacion.navarra.es\/web\/es\/dia-internacional-del-libro-en-mendigoiti\/","title":{"rendered":"D\u00cdA INTERNACIONAL DEL LIBRO EN MENDIGOITI"},"content":{"rendered":"<div><\/div>\n<div><\/div>\n<div><\/div>\n<div><\/div>\n<div><i>Mendigoiti ikastetxea quiere transmitir a nuestro entorno el compromiso que tenemos con el conocimiento y la cultura y por ello hemos organizado \u00a0una \u00a0serie de actividades al hilo de las Celebraciones del D\u00eda Internacional del Libro 2016.<\/i><\/div>\n<div><i>\u00a0<\/i><\/div>\n<div><\/div>\n<div><\/div>\n<div><\/div>\n<div><\/div>\n<div>\n<div class=\"embed-container\"><iframe loading=\"lazy\" title=\"LIBURUAREN EGUNA 2016.mp4\" width=\"890\" height=\"501\" src=\"https:\/\/www.youtube.com\/embed\/qUcYOZk-r5E?feature=oembed\" frameborder=\"0\" allow=\"accelerometer; autoplay; encrypted-media; gyroscope; picture-in-picture\" allowfullscreen><\/iframe><\/div>\n<\/div>\n<div><a href=\"https:\/\/i0.wp.com\/mendillorri-mendigoiti.educacion.navarra.es\/web\/wp-content\/uploads\/2016\/04\/Kartelera.jpg\"><img loading=\"lazy\" class=\"wp-image-1343 alignleft\" src=\"https:\/\/i0.wp.com\/mendillorri-mendigoiti.educacion.navarra.es\/web\/wp-content\/uploads\/2016\/04\/Kartelera-600x338.jpg?resize=225%2C127\" alt=\"Kartelera\" width=\"225\" height=\"127\" srcset=\"https:\/\/i0.wp.com\/mendillorri-mendigoiti.educacion.navarra.es\/web\/wp-content\/uploads\/2016\/04\/Kartelera.jpg?resize=600%2C338&amp;ssl=1 600w, https:\/\/i0.wp.com\/mendillorri-mendigoiti.educacion.navarra.es\/web\/wp-content\/uploads\/2016\/04\/Kartelera.jpg?resize=768%2C432&amp;ssl=1 768w, https:\/\/i0.wp.com\/mendillorri-mendigoiti.educacion.navarra.es\/web\/wp-content\/uploads\/2016\/04\/Kartelera.jpg?w=960&amp;ssl=1 960w\" sizes=\"(max-width: 225px) 100vw, 225px\" data-recalc-dims=\"1\" \/><\/a> <a href=\"https:\/\/i0.wp.com\/mendillorri-mendigoiti.educacion.navarra.es\/web\/wp-content\/uploads\/2016\/04\/kartela-1.jpg\"><img loading=\"lazy\" class=\"wp-image-1341 alignleft\" src=\"https:\/\/i0.wp.com\/mendillorri-mendigoiti.educacion.navarra.es\/web\/wp-content\/uploads\/2016\/04\/kartela-1-457x400.jpg?resize=221%2C194\" alt=\"kartela (1)\" width=\"221\" height=\"194\" srcset=\"https:\/\/i0.wp.com\/mendillorri-mendigoiti.educacion.navarra.es\/web\/wp-content\/uploads\/2016\/04\/kartela-1.jpg?resize=457%2C400&amp;ssl=1 457w, https:\/\/i0.wp.com\/mendillorri-mendigoiti.educacion.navarra.es\/web\/wp-content\/uploads\/2016\/04\/kartela-1.jpg?resize=768%2C672&amp;ssl=1 768w, https:\/\/i0.wp.com\/mendillorri-mendigoiti.educacion.navarra.es\/web\/wp-content\/uploads\/2016\/04\/kartela-1.jpg?resize=1024%2C895&amp;ssl=1 1024w, https:\/\/i0.wp.com\/mendillorri-mendigoiti.educacion.navarra.es\/web\/wp-content\/uploads\/2016\/04\/kartela-1.jpg?w=1920&amp;ssl=1 1920w, https:\/\/i0.wp.com\/mendillorri-mendigoiti.educacion.navarra.es\/web\/wp-content\/uploads\/2016\/04\/kartela-1.jpg?w=1780&amp;ssl=1 1780w\" sizes=\"(max-width: 221px) 100vw, 221px\" data-recalc-dims=\"1\" \/><\/a> <a href=\"https:\/\/i0.wp.com\/mendillorri-mendigoiti.educacion.navarra.es\/web\/wp-content\/uploads\/2016\/04\/Bookcrossing-a.jpg\"><img loading=\"lazy\" class=\"wp-image-1339 alignleft\" src=\"https:\/\/i0.wp.com\/mendillorri-mendigoiti.educacion.navarra.es\/web\/wp-content\/uploads\/2016\/04\/Bookcrossing-a-533x400.jpg?resize=205%2C154\" alt=\"Bookcrossing-a\" width=\"205\" height=\"154\" srcset=\"https:\/\/i0.wp.com\/mendillorri-mendigoiti.educacion.navarra.es\/web\/wp-content\/uploads\/2016\/04\/Bookcrossing-a.jpg?resize=533%2C400&amp;ssl=1 533w, https:\/\/i0.wp.com\/mendillorri-mendigoiti.educacion.navarra.es\/web\/wp-content\/uploads\/2016\/04\/Bookcrossing-a.jpg?resize=768%2C576&amp;ssl=1 768w, https:\/\/i0.wp.com\/mendillorri-mendigoiti.educacion.navarra.es\/web\/wp-content\/uploads\/2016\/04\/Bookcrossing-a.jpg?resize=1024%2C768&amp;ssl=1 1024w, https:\/\/i0.wp.com\/mendillorri-mendigoiti.educacion.navarra.es\/web\/wp-content\/uploads\/2016\/04\/Bookcrossing-a.jpg?w=1057&amp;ssl=1 1057w\" sizes=\"(max-width: 205px) 100vw, 205px\" data-recalc-dims=\"1\" \/><\/a><\/div>\n<div><\/div>\n","protected":false},"excerpt":{"rendered":"<p>Mendigoiti ikastetxea quiere transmitir a nuestro entorno el compromiso que tenemos con el conocimiento y la cultura y por ello hemos organizado \u00a0una \u00a0serie de actividades al hilo de las Celebraciones del D\u00eda Internacional del Libro 2016. \u00a0<\/p>\n","protected":false},"author":1,"featured_media":0,"comment_status":"open","ping_status":"open","sticky":false,"template":"","format":"standard","meta":{"jetpack_post_was_ever_published":false,"jetpack_publicize_message":"","jetpack_is_tweetstorm":false,"jetpack_publicize_feature_enabled":true},"categories":[20],"tags":[],"jetpack_publicize_connections":[],"jetpack_featured_media_url":"","jetpack_sharing_enabled":true,"jetpack_shortlink":"https:\/\/wp.me\/p87afU-lI","jetpack-related-posts":[{"id":1368,"url":"https:\/\/mendillorri-mendigoiti.educacion.navarra.es\/web\/es\/dia-internacional-del-libro\/","url_meta":{"origin":1346,"position":0},"title":"D\u00eda internacional del libro","date":"26 de abril de 2016","format":false,"excerpt":"","rel":"","context":"En \u00abGeneral\u00bb","img":{"alt_text":"","src":"","width":0,"height":0},"classes":[]},{"id":149,"url":"https:\/\/mendillorri-mendigoiti.educacion.navarra.es\/web\/es\/prematriculacion-2014-2015\/","url_meta":{"origin":1346,"position":1},"title":"PREMATRICULACI\u00d3N 2014-2015","date":"21 de enero de 2014","format":false,"excerpt":"PREMATRICULACION 2014-2015 Mas informacion en 948-160250","rel":"","context":"Con 1 comentario","img":{"alt_text":"","src":"https:\/\/i0.wp.com\/mendillorri-mendigoiti.educacion.navarra.es\/web\/wp-content\/uploads\/2014\/01\/matriculacio\u0301n-2014.jpg?fit=960%2C447&ssl=1&resize=350%2C200","width":350,"height":200},"classes":[]},{"id":1933,"url":"https:\/\/mendillorri-mendigoiti.educacion.navarra.es\/web\/es\/posible-implantacion-de-la-jornada-escolar-continua\/","url_meta":{"origin":1346,"position":2},"title":"POSIBLE IMPLANTACI\u00d3N DE LA JORNADA ESCOLAR CONTINUA","date":"21 de diciembre de 2016","format":false,"excerpt":"\u00a0 El Colegio P\u00fablico Mendigoiti presenta \u00a0a las familias el Proyecto de posible implantaci\u00f3n de la jornada escolar continua. Queremos animaros a participar en la reuni\u00f3n informativa para dar a conocer el proyecto que tendr\u00e1 lugar en la Sala de Usos M\u00faltiples del colegio, el pr\u00f3ximo 10 de enero, a\u2026","rel":"","context":"En \u00abBerriak\u00bb","img":{"alt_text":"","src":"https:\/\/i0.wp.com\/mendillorri-mendigoiti.educacion.navarra.es\/web\/wp-content\/uploads\/2016\/12\/Portada-03.jpg?resize=350%2C200","width":350,"height":200},"classes":[]},{"id":2027,"url":"https:\/\/mendillorri-mendigoiti.educacion.navarra.es\/web\/es\/mendigoiti-vota-a-favor-de-la-jornada-continua\/","url_meta":{"origin":1346,"position":3},"title":"MENDIGOITI VOTA A FAVOR DE LA JORNADA CONTINUA.","date":"20 de enero de 2017","format":false,"excerpt":"\u00a0 Las familias de Mendigoiti \u00a0aprueban el Proyecto de Jornada Continua con un 63,85% de votos favorables del total del censo.","rel":"","context":"En \u00abGeneral\u00bb","img":{"alt_text":"","src":"https:\/\/i0.wp.com\/mendillorri-mendigoiti.educacion.navarra.es\/web\/wp-content\/uploads\/2017\/01\/ESKOLALDI-ETENGABEA.jpg?resize=350%2C200","width":350,"height":200},"classes":[]},{"id":3151,"url":"https:\/\/mendillorri-mendigoiti.educacion.navarra.es\/web\/es\/curso-2018-2019\/","url_meta":{"origin":1346,"position":4},"title":"Curso 2018-2019","date":"26 de agosto de 2018","format":false,"excerpt":"Falta muy poco para el inicio del curso 2018-2019\u00a0 y estamos preparando nuevos espacios y propuestas para Educaci\u00f3n Primaria.\u00a0","rel":"","context":"En \u00abGeneral\u00bb","img":{"alt_text":"","src":"https:\/\/i0.wp.com\/mendillorri-mendigoiti.educacion.navarra.es\/web\/wp-content\/uploads\/2018\/08\/ERALDATZEN-ARI-DEN-ESKOLAUNA-ESCUELA-EN-TRANSFORMACI\u00c3\u0093N-1-477x400.jpg?resize=350%2C200","width":350,"height":200},"classes":[]},{"id":2579,"url":"https:\/\/mendillorri-mendigoiti.educacion.navarra.es\/web\/es\/matriculacion-2018-2019-ven-y-conocenos\/","url_meta":{"origin":1346,"position":5},"title":"MATRICULACI\u00d3N 2018-2019: \u00a1VEN Y CON\u00d3CENOS!","date":"30 de noviembre de 2017","format":false,"excerpt":"Si quieres \u00a0conocer\u00a0 EL COLEGIO P\u00daBLICO\u00a0MENDIGOITI , puedes \u00a0solicitar una cita y venir a visitarnos. Concertaremos una visita personalizada y as\u00ed podr\u00e1s \u00a0conocer nuestro d\u00eda a d\u00eda y plantear todas tus preguntas. Para solicitar tu cita, ll\u00e1manos al 948 160 250 o env\u00edanos un mensaje a cpmendi4@educacion.navarra.es","rel":"","context":"En \u00abGeneral\u00bb","img":{"alt_text":"","src":"https:\/\/i0.wp.com\/mendillorri-mendigoiti.educacion.navarra.es\/web\/wp-content\/uploads\/2017\/11\/2018-2019-MATRIKULA-2-500x400.jpg?resize=350%2C200","width":350,"height":200},"classes":[]}],"_links":{"self":[{"href":"https:\/\/mendillorri-mendigoiti.educacion.navarra.es\/web\/es\/wp-json\/wp\/v2\/posts\/1346"}],"collection":[{"href":"https:\/\/mendillorri-mendigoiti.educacion.navarra.es\/web\/es\/wp-json\/wp\/v2\/posts"}],"about":[{"href":"https:\/\/mendillorri-mendigoiti.educacion.navarra.es\/web\/es\/wp-json\/wp\/v2\/types\/post"}],"author":[{"embeddable":true,"href":"https:\/\/mendillorri-mendigoiti.educacion.navarra.es\/web\/es\/wp-json\/wp\/v2\/users\/1"}],"replies":[{"embeddable":true,"href":"https:\/\/mendillorri-mendigoiti.educacion.navarra.es\/web\/es\/wp-json\/wp\/v2\/comments?post=1346"}],"version-history":[{"count":5,"href":"https:\/\/mendillorri-mendigoiti.educacion.navarra.es\/web\/es\/wp-json\/wp\/v2\/posts\/1346\/revisions"}],"predecessor-version":[{"id":1354,"href":"https:\/\/mendillorri-mendigoiti.educacion.navarra.es\/web\/es\/wp-json\/wp\/v2\/posts\/1346\/revisions\/1354"}],"wp:attachment":[{"href":"https:\/\/mendillorri-mendigoiti.educacion.navarra.es\/web\/es\/wp-json\/wp\/v2\/media?parent=1346"}],"wp:term":[{"taxonomy":"category","embeddable":true,"href":"https:\/\/mendillorri-mendigoiti.educacion.navarra.es\/web\/es\/wp-json\/wp\/v2\/categories?post=1346"},{"taxonomy":"post_tag","embeddable":true,"href":"https:\/\/mendillorri-mendigoiti.educacion.navarra.es\/web\/es\/wp-json\/wp\/v2\/tags?post=1346"}],"curies":[{"name":"wp","href":"https:\/\/api.w.org\/{rel}","templated":true}]}}